{"id":72,"date":"2025-05-26T22:05:00","date_gmt":"2025-05-26T22:05:00","guid":{"rendered":"https:\/\/sev.cl\/?p=72"},"modified":"2025-07-12T04:15:07","modified_gmt":"2025-07-12T04:15:07","slug":"reunion-26-de-mayo","status":"publish","type":"post","link":"https:\/\/sev.cl\/index.php\/2025\/05\/26\/reunion-26-de-mayo\/","title":{"rendered":"Reuni\u00f3n 26 de Mayo"},"content":{"rendered":"\n<p>El pasado <strong>26 de mayo<\/strong>, se llev\u00f3 a cabo una nueva <strong>reuni\u00f3n mensual de la SEV<\/strong>, instancia que convoc\u00f3 a colegas y residentes para profundizar en las \u00faltimas innovaciones en la preparaci\u00f3n de conductos radiculares. En esta ocasi\u00f3n, tuvimos el privilegio de contar con la participaci\u00f3n del <strong>Dr. Pedro Alarc\u00f3n<\/strong>, quien lider\u00f3 el <strong>Workshop Zarc Excalibur<\/strong>.<\/p>\n\n\n\n<p>Durante la actividad, realizada en el centro SAVAL, el Dr. Alarc\u00f3n comparti\u00f3 su experiencia cl\u00ednica y fundamentos t\u00e9cnicos sobre el sistema <strong>Zarc Excalibur<\/strong>, un sistema de limas reciprocantes.<\/p>\n\n\n\n<p>La jornada incluy\u00f3 una parte te\u00f3rica y una demostraci\u00f3n cl\u00ednica, generando un espacio enriquecedor de aprendizaje e intercambio entre colegas. Adem\u00e1s, agradecemos a <strong>CCDental<\/strong> por su auspicio y colaboraci\u00f3n en la realizaci\u00f3n de este evento.<\/p>\n","protected":false},"excerpt":{"rendered":"<p>El pasado 26 de mayo, se llev\u00f3 a cabo una nueva reuni\u00f3n mensual de la SEV, instancia que convoc\u00f3 a colegas y residentes para profundizar en las \u00faltimas innovaciones en la preparaci\u00f3n de conductos radiculares. En esta ocasi\u00f3n, tuvimos el privilegio de contar con la participaci\u00f3n del Dr. Pedro Alarc\u00f3n, quien lider\u00f3 el Workshop Zarc [&hellip;]<\/p>\n","protected":false},"author":1,"featured_media":73,"comment_status":"closed","ping_status":"open","sticky":false,"template":"","format":"standard","meta":{"_eb_attr":"","footnotes":""},"categories":[6],"tags":[],"class_list":["post-72","post","type-post","status-publish","format-standard","has-post-thumbnail","hentry","category-reuniones"],"_links":{"self":[{"href":"https:\/\/sev.cl\/index.php\/wp-json\/wp\/v2\/posts\/72","targetHints":{"allow":["GET"]}}],"collection":[{"href":"https:\/\/sev.cl\/index.php\/wp-json\/wp\/v2\/posts"}],"about":[{"href":"https:\/\/sev.cl\/index.php\/wp-json\/wp\/v2\/types\/post"}],"author":[{"embeddable":true,"href":"https:\/\/sev.cl\/index.php\/wp-json\/wp\/v2\/users\/1"}],"replies":[{"embeddable":true,"href":"https:\/\/sev.cl\/index.php\/wp-json\/wp\/v2\/comments?post=72"}],"version-history":[{"count":3,"href":"https:\/\/sev.cl\/index.php\/wp-json\/wp\/v2\/posts\/72\/revisions"}],"predecessor-version":[{"id":116,"href":"https:\/\/sev.cl\/index.php\/wp-json\/wp\/v2\/posts\/72\/revisions\/116"}],"wp:featuredmedia":[{"embeddable":true,"href":"https:\/\/sev.cl\/index.php\/wp-json\/wp\/v2\/media\/73"}],"wp:attachment":[{"href":"https:\/\/sev.cl\/index.php\/wp-json\/wp\/v2\/media?parent=72"}],"wp:term":[{"taxonomy":"category","embeddable":true,"href":"https:\/\/sev.cl\/index.php\/wp-json\/wp\/v2\/categories?post=72"},{"taxonomy":"post_tag","embeddable":true,"href":"https:\/\/sev.cl\/index.php\/wp-json\/wp\/v2\/tags?post=72"}],"curies":[{"name":"wp","href":"https:\/\/api.w.org\/{rel}","templated":true}]}}