{"id":332,"date":"2025-07-28T22:00:00","date_gmt":"2025-07-28T22:00:00","guid":{"rendered":"https:\/\/sev.cl\/?p=332"},"modified":"2025-07-29T15:42:48","modified_gmt":"2025-07-29T15:42:48","slug":"reunion-28-de-julio","status":"publish","type":"post","link":"https:\/\/sev.cl\/index.php\/2025\/07\/28\/reunion-28-de-julio\/","title":{"rendered":"Reuni\u00f3n 28 de Julio"},"content":{"rendered":"\n<p>El 28 de julio, se realiz\u00f3 una nueva edici\u00f3n de la reuni\u00f3n mensual, donde asistieron profesionales y residentes interesados en explorar los \u00faltimos avances en el tratamiento del dolor agudo en endodoncia.<\/p>\n\n\n\n<p>La jornada estuvo a cargo de la Dra. Priscilla Ledezma, quien dict\u00f3 una charla titulada <strong>\u201cSistema neuromodulador cerebral con latidos binaurales para el tratamiento del dolor endod\u00f3ntico agudo\u201d<\/strong>, compartiendo sus conocimientos sobre innovadoras t\u00e9cnicas de manejo del dolor utilizando sonidos binaurales.<\/p>\n\n\n\n<p>El encuentro se celebr\u00f3 en el Centro SAVAL en Vi\u00f1a del Mar, generando un ambiente de intercambio de conocimientos y actualizaci\u00f3n cient\u00edfica. \u00a1Agradecemos a la Dra. Ledezma y a todos los asistentes por su valiosa participaci\u00f3n!<\/p>\n","protected":false},"excerpt":{"rendered":"<p>El 28 de julio, se realiz\u00f3 una nueva edici\u00f3n de la reuni\u00f3n mensual, donde asistieron profesionales y residentes interesados en explorar los \u00faltimos avances en el tratamiento del dolor agudo en endodoncia. La jornada estuvo a cargo de la Dra. Priscilla Ledezma, quien dict\u00f3 una charla titulada \u201cSistema neuromodulador cerebral con latidos binaurales para el [&hellip;]<\/p>\n","protected":false},"author":1,"featured_media":317,"comment_status":"closed","ping_status":"closed","sticky":false,"template":"","format":"standard","meta":{"_eb_attr":"","footnotes":""},"categories":[6],"tags":[],"class_list":["post-332","post","type-post","status-publish","format-standard","has-post-thumbnail","hentry","category-reuniones"],"_links":{"self":[{"href":"https:\/\/sev.cl\/index.php\/wp-json\/wp\/v2\/posts\/332","targetHints":{"allow":["GET"]}}],"collection":[{"href":"https:\/\/sev.cl\/index.php\/wp-json\/wp\/v2\/posts"}],"about":[{"href":"https:\/\/sev.cl\/index.php\/wp-json\/wp\/v2\/types\/post"}],"author":[{"embeddable":true,"href":"https:\/\/sev.cl\/index.php\/wp-json\/wp\/v2\/users\/1"}],"replies":[{"embeddable":true,"href":"https:\/\/sev.cl\/index.php\/wp-json\/wp\/v2\/comments?post=332"}],"version-history":[{"count":4,"href":"https:\/\/sev.cl\/index.php\/wp-json\/wp\/v2\/posts\/332\/revisions"}],"predecessor-version":[{"id":336,"href":"https:\/\/sev.cl\/index.php\/wp-json\/wp\/v2\/posts\/332\/revisions\/336"}],"wp:featuredmedia":[{"embeddable":true,"href":"https:\/\/sev.cl\/index.php\/wp-json\/wp\/v2\/media\/317"}],"wp:attachment":[{"href":"https:\/\/sev.cl\/index.php\/wp-json\/wp\/v2\/media?parent=332"}],"wp:term":[{"taxonomy":"category","embeddable":true,"href":"https:\/\/sev.cl\/index.php\/wp-json\/wp\/v2\/categories?post=332"},{"taxonomy":"post_tag","embeddable":true,"href":"https:\/\/sev.cl\/index.php\/wp-json\/wp\/v2\/tags?post=332"}],"curies":[{"name":"wp","href":"https:\/\/api.w.org\/{rel}","templated":true}]}}